{"id":3590,"date":"2024-06-28T17:45:23","date_gmt":"2024-06-28T15:45:23","guid":{"rendered":"https:\/\/archers-haguenau.fr\/?p=3590"},"modified":"2024-06-28T17:46:28","modified_gmt":"2024-06-28T15:46:28","slug":"les-archers-de-haguenau-sur-france-bleu","status":"publish","type":"post","link":"https:\/\/archers-haguenau.fr\/index.php\/2024\/06\/28\/les-archers-de-haguenau-sur-france-bleu\/","title":{"rendered":"Les Archers de Haguenau sur France Bleu Elsass"},"content":{"rendered":"\n<p>Courant du mois de mai, Nelly et Jean-Luc ont \u00e9t\u00e9\u00a0interview\u00e9s (en Alsacien)\u00a0par France Bleu.\u00a0Le reportage r\u00e9alis\u00e9 est disponible sur le site de la radio. Une belle opportunit\u00e9 pour le club qui gagne en visibilit\u00e9.<\/p>\n\n\n\n<figure class=\"wp-block-image aligncenter size-full\"><img loading=\"lazy\" decoding=\"async\" width=\"672\" height=\"381\" src=\"https:\/\/archers-haguenau.fr\/wp-content\/uploads\/2024\/06\/1200x680_sc_sans-titre.jpg\" alt=\"\" class=\"wp-image-3593\" srcset=\"https:\/\/archers-haguenau.fr\/wp-content\/uploads\/2024\/06\/1200x680_sc_sans-titre.jpg 672w, https:\/\/archers-haguenau.fr\/wp-content\/uploads\/2024\/06\/1200x680_sc_sans-titre-300x170.jpg 300w\" sizes=\"auto, (max-width: 672px) 100vw, 672px\" \/><\/figure>\n\n\n\n<p class=\"has-text-align-center\">Copyright : France Bleu Elsass<\/p>\n\n\n\n<p>Vous pouvez acc\u00e9der au reportage en cliquant sur le lien ci-dessous:<\/p>\n\n\n\n<p><a href=\"https:\/\/www.francebleu.fr\/emissions\/cote-rhenan-sur-france-bleu-elsass\/en-videos-les-arches-de-haguenau-1126187\">https:\/\/www.francebleu.fr\/emissions\/cote-rhenan-sur-france-bleu-elsass\/en-videos-les-arches-de-haguenau-1126187<\/a><\/p>\n","protected":false},"excerpt":{"rendered":"<p>Courant du mois de mai, Nelly et Jean-Luc ont \u00e9t\u00e9\u00a0interview\u00e9s (en Alsacien)\u00a0par France Bleu.\u00a0Le reportage r\u00e9alis\u00e9 est disponible sur le [&hellip;]<\/p>\n","protected":false},"author":1,"featured_media":0,"comment_status":"open","ping_status":"open","sticky":false,"template":"","format":"standard","meta":{"footnotes":""},"categories":[11],"tags":[],"class_list":{"0":"post-3590","1":"post","2":"type-post","3":"status-publish","4":"format-standard","6":"category-actualites","7":"entry"},"_links":{"self":[{"href":"https:\/\/archers-haguenau.fr\/index.php\/wp-json\/wp\/v2\/posts\/3590","targetHints":{"allow":["GET"]}}],"collection":[{"href":"https:\/\/archers-haguenau.fr\/index.php\/wp-json\/wp\/v2\/posts"}],"about":[{"href":"https:\/\/archers-haguenau.fr\/index.php\/wp-json\/wp\/v2\/types\/post"}],"author":[{"embeddable":true,"href":"https:\/\/archers-haguenau.fr\/index.php\/wp-json\/wp\/v2\/users\/1"}],"replies":[{"embeddable":true,"href":"https:\/\/archers-haguenau.fr\/index.php\/wp-json\/wp\/v2\/comments?post=3590"}],"version-history":[{"count":3,"href":"https:\/\/archers-haguenau.fr\/index.php\/wp-json\/wp\/v2\/posts\/3590\/revisions"}],"predecessor-version":[{"id":3595,"href":"https:\/\/archers-haguenau.fr\/index.php\/wp-json\/wp\/v2\/posts\/3590\/revisions\/3595"}],"wp:attachment":[{"href":"https:\/\/archers-haguenau.fr\/index.php\/wp-json\/wp\/v2\/media?parent=3590"}],"wp:term":[{"taxonomy":"category","embeddable":true,"href":"https:\/\/archers-haguenau.fr\/index.php\/wp-json\/wp\/v2\/categories?post=3590"},{"taxonomy":"post_tag","embeddable":true,"href":"https:\/\/archers-haguenau.fr\/index.php\/wp-json\/wp\/v2\/tags?post=3590"}],"curies":[{"name":"wp","href":"https:\/\/api.w.org\/{rel}","templated":true}]}}