{"id":3535,"date":"2024-01-05T15:16:08","date_gmt":"2024-01-05T14:16:08","guid":{"rendered":"https:\/\/archers-haguenau.fr\/?p=3535"},"modified":"2024-01-05T15:16:08","modified_gmt":"2024-01-05T14:16:08","slug":"spj-obernai-16-decembre-2023","status":"publish","type":"post","link":"https:\/\/archers-haguenau.fr\/index.php\/2024\/01\/05\/spj-obernai-16-decembre-2023\/","title":{"rendered":"SPJ Obernai 16 d\u00e9cembre 2023"},"content":{"rendered":"\n<p>Premier concours de la saison pour nos jeunes archers, ils \u00e9taient 7 \u00e0 se rendre \u00e0 Obernai le 16 d\u00e9cembre 2023. Pour certains, c\u2019\u00e9tait une premi\u00e8re exp\u00e9rience de la comp\u00e9tition. Apr\u00e8s quelques moments de d\u00e9couverte \u00e0 notre arriv\u00e9e \u00e0 la salle Rimbaud, nos jeunes archers ont pris leurs marques sur le pas de tir et effectu\u00e9 leurs r\u00e9glages durant les vol\u00e9es d\u2019\u00e9chauffement. La concentration ainsi que le stress et l\u2019excitation de la comp\u00e9tition sont mont\u00e9s d\u2019un cran quand le concours a d\u00e9but\u00e9 : 2 x 7 vol\u00e9es de 3 fl\u00e8ches. Tous nos archers sont all\u00e9s au bout du concours pour leur plus grande satisfaction. Certains ont r\u00e9alis\u00e9 de meilleures performances que d\u2019autres, mais l\u2019important est de s\u2019amuser et de participer. Sur la photo de groupe, on lit bien le sourire et la satisfaction de chacun d\u2019avoir concouru et tir\u00e9.<\/p>\n\n\n\n<figure class=\"wp-block-image aligncenter size-full\"><img loading=\"lazy\" decoding=\"async\" width=\"467\" height=\"351\" src=\"https:\/\/archers-haguenau.fr\/wp-content\/uploads\/2024\/01\/SPJ-Obernai-2023.jpg\" alt=\"\" class=\"wp-image-3536\" srcset=\"https:\/\/archers-haguenau.fr\/wp-content\/uploads\/2024\/01\/SPJ-Obernai-2023.jpg 467w, https:\/\/archers-haguenau.fr\/wp-content\/uploads\/2024\/01\/SPJ-Obernai-2023-300x225.jpg 300w\" sizes=\"auto, (max-width: 467px) 100vw, 467px\" \/><\/figure>\n\n\n\n<p>Une fois que le mat\u00e9riel a \u00e9t\u00e9 rang\u00e9, place \u00e0 la proclamation des r\u00e9sultats\u00a0:<\/p>\n\n\n\n<p><strong>U11<\/strong>: 2<sup>\u00e8me<\/sup>\u00a0Florian avec 349 points<\/p>\n\n\n\n<p><strong>U13\u00a0<\/strong>: 1<sup>er<\/sup>\u00a0Benjamin avec 357 points &#8211; 24<sup>\u00e8me<\/sup>\u00a0Cl\u00e9ment avec 145 points<\/p>\n\n\n\n<p><strong>U15<\/strong>: 2<sup>\u00e8me<\/sup>\u00a0Lilian avec 315 points<\/p>\n\n\n\n<p><strong>U18<\/strong>: 7<sup>\u00e8me<\/sup>\u00a0Louane avec 177 points &#8211; 8<sup>\u00e8me<\/sup>\u00a0Matilda avec 176 points<\/p>\n\n\n\n<p><strong>U21<\/strong>: 1<sup>er<\/sup>\u00a0Abraham avec 248 points<\/p>\n\n\n\n<p>Chaque archer a d\u00e9croch\u00e9 un petit cadeau du sapin bien garni par le Club d\u2019Obernai ainsi qu\u2019un Saint Nicolas en chocolat. Les 12 meilleurs scores ont \u00e9t\u00e9 r\u00e9compens\u00e9s par du mat\u00e9riel de tir offert par l\u2019archerie Sherwood. Trois de nos archers ont b\u00e9n\u00e9fici\u00e9 de ces cadeaux. Benjamin a r\u00e9alis\u00e9 le meilleur score de l\u2019ensemble du concours : 357 points sur 420.<\/p>\n\n\n\n<p>Et le troph\u00e9e des Lutins, vous me direz. En 2022, nos jeunes avaient gagn\u00e9 le troph\u00e9e et en 2023 ? Neuf clubs ont concouru et suivant les r\u00e8gles, les trois meilleurs scores de ces clubs sont comptabilis\u00e9s pour d\u00e9crocher la premi\u00e8re place. Le suspense \u00e9tait total quand il ne restait plus que 3 clubs \u00e0 annoncer dans la liste et que Haguenau n&rsquo;avait toujours pas \u00e9t\u00e9 cit\u00e9. \u00c0 notre plus grande joie et satisfaction, Haguenau a gagn\u00e9 pour la seconde ann\u00e9e cons\u00e9cutive le troph\u00e9e des Lutins gr\u00e2ce au score de Benjamin, Florian et Lilian.<\/p>\n\n\n<div class=\"wp-block-columns is-stacked-on-mobile is-layout-flex wp-container-core-columns-is-layout-28f84493 wp-block-columns-is-layout-flex\" data-columns=\"2\">\n<div class=\"wp-block-column is-layout-flow wp-block-column-is-layout-flow\">\n<figure class=\"wp-block-image aligncenter size-full is-resized\"><img loading=\"lazy\" decoding=\"async\" width=\"372\" height=\"342\" src=\"https:\/\/archers-haguenau.fr\/wp-content\/uploads\/2024\/01\/Obernai-SPJ-2023-2.jpg\" alt=\"\" class=\"wp-image-3537\" style=\"width:auto;height:300px\" srcset=\"https:\/\/archers-haguenau.fr\/wp-content\/uploads\/2024\/01\/Obernai-SPJ-2023-2.jpg 372w, https:\/\/archers-haguenau.fr\/wp-content\/uploads\/2024\/01\/Obernai-SPJ-2023-2-300x276.jpg 300w\" sizes=\"auto, (max-width: 372px) 100vw, 372px\" \/><\/figure>\n<\/div>\n\n\n\n<div class=\"wp-block-column is-layout-flow wp-block-column-is-layout-flow\">\n<figure class=\"wp-block-image aligncenter size-full is-resized\"><img loading=\"lazy\" decoding=\"async\" width=\"544\" height=\"376\" src=\"https:\/\/archers-haguenau.fr\/wp-content\/uploads\/2024\/01\/Obernai-SPJ-2023-3.jpg\" alt=\"\" class=\"wp-image-3538\" style=\"width:auto;height:300px\" srcset=\"https:\/\/archers-haguenau.fr\/wp-content\/uploads\/2024\/01\/Obernai-SPJ-2023-3.jpg 544w, https:\/\/archers-haguenau.fr\/wp-content\/uploads\/2024\/01\/Obernai-SPJ-2023-3-300x207.jpg 300w\" sizes=\"auto, (max-width: 544px) 100vw, 544px\" \/><\/figure>\n<\/div>\n<\/div>\n\n\n\n<p>Un grand bravo \u00e0 eux, mais aussi \u00e0 tous les participants qui, par leur \u00e9mulation, ont contribu\u00e9 \u00e0 cette dynamique et qui ont tous m\u00e9rit\u00e9 des f\u00e9licitations.<\/p>\n","protected":false},"excerpt":{"rendered":"<p>Premier concours de la saison pour nos jeunes archers, ils \u00e9taient 7 \u00e0 se rendre \u00e0 Obernai le 16 d\u00e9cembre [&hellip;]<\/p>\n","protected":false},"author":1,"featured_media":0,"comment_status":"open","ping_status":"open","sticky":false,"template":"","format":"standard","meta":{"footnotes":""},"categories":[11],"tags":[],"class_list":{"0":"post-3535","1":"post","2":"type-post","3":"status-publish","4":"format-standard","6":"category-actualites","7":"entry"},"_links":{"self":[{"href":"https:\/\/archers-haguenau.fr\/index.php\/wp-json\/wp\/v2\/posts\/3535","targetHints":{"allow":["GET"]}}],"collection":[{"href":"https:\/\/archers-haguenau.fr\/index.php\/wp-json\/wp\/v2\/posts"}],"about":[{"href":"https:\/\/archers-haguenau.fr\/index.php\/wp-json\/wp\/v2\/types\/post"}],"author":[{"embeddable":true,"href":"https:\/\/archers-haguenau.fr\/index.php\/wp-json\/wp\/v2\/users\/1"}],"replies":[{"embeddable":true,"href":"https:\/\/archers-haguenau.fr\/index.php\/wp-json\/wp\/v2\/comments?post=3535"}],"version-history":[{"count":1,"href":"https:\/\/archers-haguenau.fr\/index.php\/wp-json\/wp\/v2\/posts\/3535\/revisions"}],"predecessor-version":[{"id":3539,"href":"https:\/\/archers-haguenau.fr\/index.php\/wp-json\/wp\/v2\/posts\/3535\/revisions\/3539"}],"wp:attachment":[{"href":"https:\/\/archers-haguenau.fr\/index.php\/wp-json\/wp\/v2\/media?parent=3535"}],"wp:term":[{"taxonomy":"category","embeddable":true,"href":"https:\/\/archers-haguenau.fr\/index.php\/wp-json\/wp\/v2\/categories?post=3535"},{"taxonomy":"post_tag","embeddable":true,"href":"https:\/\/archers-haguenau.fr\/index.php\/wp-json\/wp\/v2\/tags?post=3535"}],"curies":[{"name":"wp","href":"https:\/\/api.w.org\/{rel}","templated":true}]}}