{"id":259,"date":"2023-05-08T17:07:43","date_gmt":"2023-05-08T15:07:43","guid":{"rendered":"https:\/\/lapinarcher.fr\/?p=259"},"modified":"2023-08-29T19:08:09","modified_gmt":"2023-08-29T17:08:09","slug":"tous-a-lexterieur","status":"publish","type":"post","link":"https:\/\/archers-haguenau.fr\/index.php\/2023\/05\/08\/tous-a-lexterieur\/","title":{"rendered":"Tous \u00e0 l&rsquo;ext\u00e9rieur"},"content":{"rendered":"\n<h2 class=\"wp-block-heading\">A partir du 1er mai tous les entrainements auront lieu \u00e0 l&rsquo;ext\u00e9rieur.<\/h2>\n\n\n\n<p>Notre salle du Petit Man\u00e8ge ne sera plus accessible.<\/p>\n\n\n\n<p>Pour acc\u00e9der au terrain ext\u00e9rieur il vous faudra une clef pour ouvrir le portail, ces clefs sont disponibles aupr\u00e8s d&rsquo;un membre du comit\u00e9 contre une caution de 10 euros.<\/p>\n\n\n\n<p>Le terrain ext\u00e9rieur est accessible 7j \/ 7j, merci de noter :<\/p>\n\n\n\n<ul class=\"wp-block-list is-layout-flex wp-container-core-list-is-layout-fe9cc265 wp-block-list-is-layout-flex\">\n<li>que l&rsquo;\u00e9cole de tir est prioritaire (le samedi de 14h \u00e0 19, le lundi de 19h \u00e0 21h, le jeudi de 19h \u00e0 21h).<\/li>\n\n\n\n<li>que le terrain d&rsquo;entrainement se trouve dans un quartier r\u00e9sidentiel, merci de respecter le calme du voisinage ainsi que les emplacements de stationnement.<\/li>\n\n\n\n<li>que les mineurs ne peuvent pas rester seuls sur le terrain<\/li>\n<\/ul>\n","protected":false},"excerpt":{"rendered":"<p>A partir du 1er mai tous les entrainements auront lieu \u00e0 l&rsquo;ext\u00e9rieur. Notre salle du Petit Man\u00e8ge ne sera plus [&hellip;]<\/p>\n","protected":false},"author":1,"featured_media":261,"comment_status":"closed","ping_status":"closed","sticky":false,"template":"","format":"standard","meta":{"footnotes":""},"categories":[11],"tags":[],"class_list":{"0":"post-259","1":"post","2":"type-post","3":"status-publish","4":"format-standard","5":"has-post-thumbnail","7":"category-actualites","8":"entry"},"_links":{"self":[{"href":"https:\/\/archers-haguenau.fr\/index.php\/wp-json\/wp\/v2\/posts\/259","targetHints":{"allow":["GET"]}}],"collection":[{"href":"https:\/\/archers-haguenau.fr\/index.php\/wp-json\/wp\/v2\/posts"}],"about":[{"href":"https:\/\/archers-haguenau.fr\/index.php\/wp-json\/wp\/v2\/types\/post"}],"author":[{"embeddable":true,"href":"https:\/\/archers-haguenau.fr\/index.php\/wp-json\/wp\/v2\/users\/1"}],"replies":[{"embeddable":true,"href":"https:\/\/archers-haguenau.fr\/index.php\/wp-json\/wp\/v2\/comments?post=259"}],"version-history":[{"count":5,"href":"https:\/\/archers-haguenau.fr\/index.php\/wp-json\/wp\/v2\/posts\/259\/revisions"}],"predecessor-version":[{"id":3345,"href":"https:\/\/archers-haguenau.fr\/index.php\/wp-json\/wp\/v2\/posts\/259\/revisions\/3345"}],"wp:featuredmedia":[{"embeddable":true,"href":"https:\/\/archers-haguenau.fr\/index.php\/wp-json\/wp\/v2\/media\/261"}],"wp:attachment":[{"href":"https:\/\/archers-haguenau.fr\/index.php\/wp-json\/wp\/v2\/media?parent=259"}],"wp:term":[{"taxonomy":"category","embeddable":true,"href":"https:\/\/archers-haguenau.fr\/index.php\/wp-json\/wp\/v2\/categories?post=259"},{"taxonomy":"post_tag","embeddable":true,"href":"https:\/\/archers-haguenau.fr\/index.php\/wp-json\/wp\/v2\/tags?post=259"}],"curies":[{"name":"wp","href":"https:\/\/api.w.org\/{rel}","templated":true}]}}